{"id":1873,"date":"2026-05-14T20:24:29","date_gmt":"2026-05-14T20:24:29","guid":{"rendered":"https:\/\/umayyayinevi.com\/?p=1873"},"modified":"2026-05-14T20:24:31","modified_gmt":"2026-05-14T20:24:31","slug":"education-et-sociologie-emile-durkheim","status":"publish","type":"post","link":"https:\/\/umayyayinevi.com\/en\/education-et-sociologie-emile-durkheim\/","title":{"rendered":"\u00c9ducation et Sociologie &#8211; \u00c9mile Durkheim"},"content":{"rendered":"<div class=\"wp-block-columns is-layout-flex wp-container-core-columns-is-layout-0e47273b wp-block-columns-is-layout-flex\">\n<div class=\"wp-block-column is-layout-flow wp-block-column-is-layout-flow\" style=\"flex-basis:33.33%\">\n<figure class=\"wp-block-image size-large\"><img loading=\"lazy\" decoding=\"async\" width=\"732\" height=\"1024\" src=\"https:\/\/umayyayinevi.com\/wp-content\/uploads\/2026\/05\/A5-UMAY-16.6-x-23.6-cm-15-x-21-cm-1-9-732x1024.jpg\" alt=\"\" class=\"wp-image-1875\" srcset=\"https:\/\/umayyayinevi.com\/wp-content\/uploads\/2026\/05\/A5-UMAY-16.6-x-23.6-cm-15-x-21-cm-1-9-732x1024.jpg 732w, https:\/\/umayyayinevi.com\/wp-content\/uploads\/2026\/05\/A5-UMAY-16.6-x-23.6-cm-15-x-21-cm-1-9-214x300.jpg 214w, https:\/\/umayyayinevi.com\/wp-content\/uploads\/2026\/05\/A5-UMAY-16.6-x-23.6-cm-15-x-21-cm-1-9-205x287.jpg 205w, https:\/\/umayyayinevi.com\/wp-content\/uploads\/2026\/05\/A5-UMAY-16.6-x-23.6-cm-15-x-21-cm-1-9-480x672.jpg 480w, https:\/\/umayyayinevi.com\/wp-content\/uploads\/2026\/05\/A5-UMAY-16.6-x-23.6-cm-15-x-21-cm-1-9-9x12.jpg 9w, https:\/\/umayyayinevi.com\/wp-content\/uploads\/2026\/05\/A5-UMAY-16.6-x-23.6-cm-15-x-21-cm-1-9.jpg 1429w\" sizes=\"(max-width: 732px) 100vw, 732px\" \/><\/figure>\n<\/div>\n\n\n\n<div class=\"wp-block-column is-style-stripes has-background-background-color has-background is-layout-flow wp-block-column-is-layout-flow\" style=\"flex-basis:66.66%\">\n<figure class=\"wp-block-table\"><table class=\"has-fixed-layout\"><tbody><tr><td><strong>Book Name<\/strong> <strong>\/ Yazar<\/strong><\/td><td>\u00c9ducation et Sociologie &#8211; \u00c9mile Durkheim<\/td><\/tr><tr><td><strong>Publishing Year<\/strong><\/td><td>2026 \/ Umay Yay\u0131nevi<\/td><\/tr><tr><td><strong>Number of Pages<\/strong><\/td><td>i+100<\/td><\/tr><tr><td><strong>Edition Number<\/strong> <strong>Location<\/strong><\/td><td>1st Edition<\/td><\/tr><tr><td><strong>ISBN<\/strong><\/td><td>978-625-93257-9-8<\/td><\/tr><tr><td><strong>DOI<\/strong><\/td><td>https:\/\/doi.org\/10.5281\/zenodo.20187629<\/td><\/tr><tr><td><strong>Language<\/strong><\/td><td>French<\/td><\/tr><tr><td><strong>Pub. No:<\/strong><\/td><td>39<\/td><\/tr><tr><td><strong>Main Topics<\/strong><\/td><td>1. \u00a0\u00c9ducation, 2. Sociologie, 3. Solidarit\u00e9 sociale,<br>4. Conscience collective, 5. Institution scolaire<\/td><\/tr><\/tbody><\/table><\/figure>\n<\/div>\n<\/div>\n\n\n\n<p class=\"wp-block-paragraph\"><strong>\u00d6z:<\/strong><br>\u00c9mile Durkheim taraf\u0131ndan kaleme al\u0131nan <em>\u00c9ducation et Sociologie<\/em>, e\u011fitimin toplumun devaml\u0131l\u0131\u011f\u0131 ve d\u00fczeni a\u00e7\u0131s\u0131ndan ta\u015f\u0131d\u0131\u011f\u0131 \u00f6nemi ele alan temel bir sosyoloji eseridir. Durkheim\u2019a g\u00f6re e\u011fitim, bireyin yaln\u0131zca bilgi edinmesini de\u011fil, ayn\u0131 zamanda toplumsal de\u011ferleri, ahlak\u0131 ve kolektif bilinci benimsemesini sa\u011flar. Kitapta e\u011fitimin toplumsal dayan\u0131\u015fmay\u0131 g\u00fc\u00e7lendiren bir kurum oldu\u011fu vurgulan\u0131r. Aile, okul ve devletin e\u011fitim \u00fczerindeki etkileri ayr\u0131nt\u0131l\u0131 bi\u00e7imde incelenir. Durkheim, modern toplumlarda e\u011fitimin birey ile toplum aras\u0131nda uyum kurdu\u011funu savunur. Eser, e\u011fitim sosyolojisinin kurucu metinlerinden biri kabul edilir ve \u00e7a\u011fda\u015f e\u011fitim teorilerini \u00f6nemli \u00f6l\u00e7\u00fcde etkilemi\u015ftir.<br><strong>R\u00e9sum\u00e9: <\/strong><br>\u00c9mile Durkheim analyse dans <em>\u00c9ducation et Sociologie<\/em> le r\u00f4le fondamental de l\u2019\u00e9ducation dans la formation de la soci\u00e9t\u00e9 moderne. Selon lui, l\u2019\u00e9ducation ne consiste pas seulement \u00e0 transmettre des connaissances, mais aussi \u00e0 inculquer des valeurs morales et sociales communes. L\u2019\u00e9cole pr\u00e9pare les individus \u00e0 vivre en collectivit\u00e9 et \u00e0 respecter les r\u00e8gles sociales. Durkheim insiste sur le fait que chaque soci\u00e9t\u00e9 d\u00e9veloppe un syst\u00e8me \u00e9ducatif adapt\u00e9 \u00e0 ses besoins historiques et culturels. L\u2019ouvrage montre \u00e9galement comment l\u2019\u00e9ducation contribue \u00e0 la coh\u00e9sion sociale et \u00e0 la solidarit\u00e9. Ce livre demeure une r\u00e9f\u00e9rence majeure en sociologie de l\u2019\u00e9ducation et en sciences sociales contemporaines.<\/p>\n\n\n\n<div data-wp-interactive=\"core\/file\" class=\"wp-block-file\"><object data-wp-bind--hidden=\"!state.hasPdfPreview\" hidden class=\"wp-block-file__embed\" data=\"https:\/\/umayyayinevi.com\/wp-content\/uploads\/2026\/05\/Durkheim.pdf\" type=\"application\/pdf\" style=\"width:100%;height:600px\" aria-label=\"Embed of Durkheim.\"><\/object><a id=\"wp-block-file--media-6ab91b55-222f-4270-83e9-463ccf978fd8\" href=\"https:\/\/umayyayinevi.com\/wp-content\/uploads\/2026\/05\/Durkheim.pdf\">Durkheim<\/a><a href=\"https:\/\/umayyayinevi.com\/wp-content\/uploads\/2026\/05\/Durkheim.pdf\" class=\"wp-block-file__button wp-element-button\" download aria-describedby=\"wp-block-file--media-6ab91b55-222f-4270-83e9-463ccf978fd8\">Download<\/a><\/div>","protected":false},"excerpt":{"rendered":"<p>Kitap Ad\u0131 \/ Yazar \u00c9ducation et Sociologie &#8211; \u00c9mile Durkheim Yay\u0131n Y\u0131l\u0131 2026 \/ Umay Yay\u0131nevi Sayfa Say\u0131s\u0131 i+100 Bask\u0131 Say\u0131s\u0131 \/ Yer 1. Bask\u0131 \/ Samsun ISBN 978-625-93257-9-8 DOI https:\/\/doi.org\/10.5281\/zenodo.20187629 Dil Frans\u0131zca Seri\/Numara 39 Ana Konular 1. \u00a0\u00c9ducation, 2. Sociologie, 3. Solidarit\u00e9 sociale,4. Conscience collective, 5. Institution scolaire \u00d6z:\u00c9mile Durkheim taraf\u0131ndan kaleme al\u0131nan \u00c9ducation &hellip; <\/p>\n<p class=\"link-more\"><a href=\"https:\/\/umayyayinevi.com\/en\/education-et-sociologie-emile-durkheim\/\" class=\"more-link\">Read more<span class=\"screen-reader-text\"> &#8220;\u00c9ducation et Sociologie &#8211; \u00c9mile Durkheim&#8221;<\/span><\/a><\/p>","protected":false},"author":1,"featured_media":0,"comment_status":"closed","ping_status":"open","sticky":false,"template":"","format":"standard","meta":{"saved_in_kubio":false,"footnotes":""},"categories":[39],"tags":[12,144,258,150,16],"class_list":["post-1873","post","type-post","status-publish","format-standard","hentry","category-genel-ru","tag-culture","tag-education","tag-sosyoloji","tag-uluslararasi-yayinevi","tag-umay-yayinevi"],"_links":{"self":[{"href":"https:\/\/umayyayinevi.com\/en\/wp-json\/wp\/v2\/posts\/1873","targetHints":{"allow":["GET"]}}],"collection":[{"href":"https:\/\/umayyayinevi.com\/en\/wp-json\/wp\/v2\/posts"}],"about":[{"href":"https:\/\/umayyayinevi.com\/en\/wp-json\/wp\/v2\/types\/post"}],"author":[{"embeddable":true,"href":"https:\/\/umayyayinevi.com\/en\/wp-json\/wp\/v2\/users\/1"}],"replies":[{"embeddable":true,"href":"https:\/\/umayyayinevi.com\/en\/wp-json\/wp\/v2\/comments?post=1873"}],"version-history":[{"count":2,"href":"https:\/\/umayyayinevi.com\/en\/wp-json\/wp\/v2\/posts\/1873\/revisions"}],"predecessor-version":[{"id":1877,"href":"https:\/\/umayyayinevi.com\/en\/wp-json\/wp\/v2\/posts\/1873\/revisions\/1877"}],"wp:attachment":[{"href":"https:\/\/umayyayinevi.com\/en\/wp-json\/wp\/v2\/media?parent=1873"}],"wp:term":[{"taxonomy":"category","embeddable":true,"href":"https:\/\/umayyayinevi.com\/en\/wp-json\/wp\/v2\/categories?post=1873"},{"taxonomy":"post_tag","embeddable":true,"href":"https:\/\/umayyayinevi.com\/en\/wp-json\/wp\/v2\/tags?post=1873"}],"curies":[{"name":"wp","href":"https:\/\/api.w.org\/{rel}","templated":true}]}}