{"id":1790,"date":"2026-05-02T11:43:44","date_gmt":"2026-05-02T11:43:44","guid":{"rendered":"https:\/\/umayyayinevi.com\/?p=1790"},"modified":"2026-05-02T11:44:12","modified_gmt":"2026-05-02T11:44:12","slug":"a-magyar-szotarak-es-nyelvtanok-konyveszete-istvan-sagi","status":"publish","type":"post","link":"https:\/\/umayyayinevi.com\/en\/a-magyar-szotarak-es-nyelvtanok-konyveszete-istvan-sagi\/","title":{"rendered":"A Magyar Sz\u00f3t\u00e1rak \u00e9s Nyelvtanok K\u00f6nyv\u00e9szete &#8211; Istv\u00e1n S\u00e1gi"},"content":{"rendered":"<div class=\"wp-block-columns is-layout-flex wp-container-core-columns-is-layout-0e47273b wp-block-columns-is-layout-flex\">\n<div class=\"wp-block-column is-layout-flow wp-block-column-is-layout-flow\" style=\"flex-basis:33.33%\">\n<figure class=\"wp-block-image size-large\"><img loading=\"lazy\" decoding=\"async\" width=\"732\" height=\"1024\" src=\"https:\/\/umayyayinevi.com\/wp-content\/uploads\/2026\/05\/A5-UMAY-16.6-x-23.6-cm-15-x-21-cm-1-3-732x1024.jpg\" alt=\"\" class=\"wp-image-1791\" srcset=\"https:\/\/umayyayinevi.com\/wp-content\/uploads\/2026\/05\/A5-UMAY-16.6-x-23.6-cm-15-x-21-cm-1-3-732x1024.jpg 732w, https:\/\/umayyayinevi.com\/wp-content\/uploads\/2026\/05\/A5-UMAY-16.6-x-23.6-cm-15-x-21-cm-1-3-214x300.jpg 214w, https:\/\/umayyayinevi.com\/wp-content\/uploads\/2026\/05\/A5-UMAY-16.6-x-23.6-cm-15-x-21-cm-1-3-205x287.jpg 205w, https:\/\/umayyayinevi.com\/wp-content\/uploads\/2026\/05\/A5-UMAY-16.6-x-23.6-cm-15-x-21-cm-1-3-480x672.jpg 480w, https:\/\/umayyayinevi.com\/wp-content\/uploads\/2026\/05\/A5-UMAY-16.6-x-23.6-cm-15-x-21-cm-1-3-9x12.jpg 9w, https:\/\/umayyayinevi.com\/wp-content\/uploads\/2026\/05\/A5-UMAY-16.6-x-23.6-cm-15-x-21-cm-1-3.jpg 1429w\" sizes=\"(max-width: 732px) 100vw, 732px\" \/><\/figure>\n<\/div>\n\n\n\n<div class=\"wp-block-column is-style-stripes has-background-background-color has-background is-layout-flow wp-block-column-is-layout-flow\" style=\"flex-basis:66.66%\">\n<figure class=\"wp-block-table\"><table class=\"has-fixed-layout\"><tbody><tr><td><strong>Book Name<\/strong> <strong>\/ Yazar<\/strong><\/td><td>A Magyar Sz\u00f3t\u00e1rak \u00e9s Nyelvtanok K\u00f6nyv\u00e9szete &#8211; Istv\u00e1n S\u00e1gi<\/td><\/tr><tr><td><strong>Publishing Year<\/strong><\/td><td>2026 \/ Umay Yay\u0131nevi<\/td><\/tr><tr><td><strong>Number of Pages<\/strong><\/td><td>156<\/td><\/tr><tr><td><strong>Edition Number<\/strong> <strong>Location<\/strong><\/td><td>1st Edition<\/td><\/tr><tr><td><strong>ISBN<\/strong><\/td><td>978-625-93204-0-3<\/td><\/tr><tr><td><strong>DOI<\/strong><\/td><td>https:\/\/doi.org\/10.5281\/zenodo.19976615<\/td><\/tr><tr><td><strong>Language<\/strong><\/td><td>Hungarian<\/td><\/tr><tr><td><strong>Pub. No:<\/strong><\/td><td>81<\/td><\/tr><tr><td><strong>Main Topics<\/strong><\/td><td>Hungarian language, bibliography, dictionaries, grammar, lexicography<\/td><\/tr><\/tbody><\/table><\/figure>\n<\/div>\n<\/div>\n\n\n\n<p class=\"wp-block-paragraph\"><strong>\u00d6z:<\/strong><br>Istv\u00e1n S\u00e1gi taraf\u0131ndan haz\u0131rlanan <em>A magyar sz\u00f3t\u00e1rak \u00e9s nyelvtanok k\u00f6nyv\u00e9szete<\/em>, Macarca s\u00f6zl\u00fckler ve dilbilgisi kitaplar\u0131n\u0131 konu alan kapsaml\u0131 bir bibliyografya \u00e7al\u0131\u015fmas\u0131d\u0131r. Eserde, bu alandaki yay\u0131nlar sistemli bi\u00e7imde listelenir; yazar, bas\u0131m y\u0131l\u0131, bask\u0131 \u00f6zellikleri ve i\u00e7erik kapsam\u0131 gibi ayr\u0131nt\u0131lar sunulur. \u00c7al\u0131\u015fma, Macar diline ili\u015fkin s\u00f6zl\u00fckbilim ve dilbilgisi ara\u015ft\u0131rmalar\u0131n\u0131n tarihsel geli\u015fimini izler ve bu alan\u0131n akademik birikimini ortaya koyar. Do\u011frudan \u00f6\u011fretici bir kitap olmaktan ziyade, ara\u015ft\u0131rmac\u0131lar i\u00e7in temel bir ba\u015fvuru kayna\u011f\u0131 niteli\u011findedir ve Macar dilinin bilimsel olarak incelenme s\u00fcrecini belgeleyen \u00f6nemli eserleri bir araya getirir.<br><strong>Abstract:<\/strong><br><em>A magyar sz\u00f3t\u00e1rak \u00e9s nyelvtanok k\u00f6nyv\u00e9szete<\/em> by Istv\u00e1n S\u00e1gi is a comprehensive bibliographic study of Hungarian dictionaries and grammar books. The work systematically catalogues publications related to the Hungarian language, providing detailed information on authors, publication dates, editions, and thematic scope. It traces the historical development of lexicography and grammatical studies in Hungary, highlighting how linguistic scholarship evolved over time. Rather than offering direct language instruction, the book serves as a reference tool for researchers, presenting the intellectual and academic foundations of Hungarian language studies and documenting key works that shaped its standardization.<\/p>\n\n\n\n<div data-wp-interactive=\"core\/file\" class=\"wp-block-file\"><object data-wp-bind--hidden=\"!state.hasPdfPreview\" hidden class=\"wp-block-file__embed\" data=\"https:\/\/umayyayinevi.com\/wp-content\/uploads\/2026\/05\/Istvan-Sagi.pdf\" type=\"application\/pdf\" style=\"width:100%;height:600px\" aria-label=\"Embed of Istvan Sagi.\"><\/object><a id=\"wp-block-file--media-bba28508-c231-44ff-b2d4-d4a288c5d1d0\" href=\"https:\/\/umayyayinevi.com\/wp-content\/uploads\/2026\/05\/Istvan-Sagi.pdf\">Istvan Sagi<\/a><a href=\"https:\/\/umayyayinevi.com\/wp-content\/uploads\/2026\/05\/Istvan-Sagi.pdf\" class=\"wp-block-file__button wp-element-button\" download aria-describedby=\"wp-block-file--media-bba28508-c231-44ff-b2d4-d4a288c5d1d0\">Download<\/a><\/div>\n\n\n\n<p class=\"wp-block-paragraph\"><\/p>","protected":false},"excerpt":{"rendered":"<p>Kitap Ad\u0131 \/ Yazar A Magyar Sz\u00f3t\u00e1rak \u00e9s Nyelvtanok K\u00f6nyv\u00e9szete &#8211; Istv\u00e1n S\u00e1gi Yay\u0131n Y\u0131l\u0131 2026 \/ Umay Yay\u0131nevi Sayfa Say\u0131s\u0131 156 Bask\u0131 Say\u0131s\u0131 \/ Yer 1. Bask\u0131 \/ Samsun ISBN 978-625-93204-0-3 DOI https:\/\/doi.org\/10.5281\/zenodo.19976615 Dil Hungarian Seri\/Numara 81 Ana Konular Hungarian language, bibliography, dictionaries, grammar, lexicography \u00d6z:Istv\u00e1n S\u00e1gi taraf\u0131ndan haz\u0131rlanan A magyar sz\u00f3t\u00e1rak \u00e9s nyelvtanok &hellip; <\/p>\n<p class=\"link-more\"><a href=\"https:\/\/umayyayinevi.com\/en\/a-magyar-szotarak-es-nyelvtanok-konyveszete-istvan-sagi\/\" class=\"more-link\">Read more<span class=\"screen-reader-text\"> &#8220;A Magyar Sz\u00f3t\u00e1rak \u00e9s Nyelvtanok K\u00f6nyv\u00e9szete &#8211; Istv\u00e1n S\u00e1gi&#8221;<\/span><\/a><\/p>","protected":false},"author":1,"featured_media":0,"comment_status":"closed","ping_status":"open","sticky":false,"template":"","format":"standard","meta":{"saved_in_kubio":false,"footnotes":""},"categories":[39],"tags":[235,237,236,234,238,150,16],"class_list":["post-1790","post","type-post","status-publish","format-standard","hentry","category-genel-ru","tag-bibliography","tag-dictionaries","tag-grammar","tag-hungarian-language","tag-lexicography","tag-uluslararasi-yayinevi","tag-umay-yayinevi"],"_links":{"self":[{"href":"https:\/\/umayyayinevi.com\/en\/wp-json\/wp\/v2\/posts\/1790","targetHints":{"allow":["GET"]}}],"collection":[{"href":"https:\/\/umayyayinevi.com\/en\/wp-json\/wp\/v2\/posts"}],"about":[{"href":"https:\/\/umayyayinevi.com\/en\/wp-json\/wp\/v2\/types\/post"}],"author":[{"embeddable":true,"href":"https:\/\/umayyayinevi.com\/en\/wp-json\/wp\/v2\/users\/1"}],"replies":[{"embeddable":true,"href":"https:\/\/umayyayinevi.com\/en\/wp-json\/wp\/v2\/comments?post=1790"}],"version-history":[{"count":2,"href":"https:\/\/umayyayinevi.com\/en\/wp-json\/wp\/v2\/posts\/1790\/revisions"}],"predecessor-version":[{"id":1795,"href":"https:\/\/umayyayinevi.com\/en\/wp-json\/wp\/v2\/posts\/1790\/revisions\/1795"}],"wp:attachment":[{"href":"https:\/\/umayyayinevi.com\/en\/wp-json\/wp\/v2\/media?parent=1790"}],"wp:term":[{"taxonomy":"category","embeddable":true,"href":"https:\/\/umayyayinevi.com\/en\/wp-json\/wp\/v2\/categories?post=1790"},{"taxonomy":"post_tag","embeddable":true,"href":"https:\/\/umayyayinevi.com\/en\/wp-json\/wp\/v2\/tags?post=1790"}],"curies":[{"name":"wp","href":"https:\/\/api.w.org\/{rel}","templated":true}]}}