{
    "https:\/\/umayyayinevi.com\/?p=2392": {
        "http:\/\/www.w3.org\/1999\/02\/22-rdf-syntax-ns#type": [
            {
                "type": "uri",
                "value": "http:\/\/rdfs.org\/sioc\/ns#Post"
            },
            {
                "type": "uri",
                "value": "http:\/\/rdfs.org\/sioc\/types#BlogPost"
            }
        ],
        "http:\/\/purl.org\/dc\/elements\/1.1\/title": [
            {
                "type": "literal",
                "value": "Uluslararas\u0131 Dil \u00d6\u011frenicileri \u0130\u00e7in A1 Resimli T\u00fcrk\u00e7e S\u00f6zl\u00fck - Ahmet Cihan Bulundu"
            }
        ],
        "http:\/\/purl.org\/dc\/terms\/identifier": [
            {
                "type": "literal",
                "value": "2392",
                "datatype": "http:\/\/www.w3.org\/2001\/XMLSchema#integer"
            }
        ],
        "http:\/\/purl.org\/dc\/elements\/1.1\/modified": [
            {
                "type": "literal",
                "value": "2026-08-12",
                "datatype": "http:\/\/www.w3.org\/2001\/XMLSchema#date"
            }
        ],
        "http:\/\/purl.org\/dc\/elements\/1.1\/created": [
            {
                "type": "literal",
                "value": "2026-08-12",
                "datatype": "http:\/\/www.w3.org\/2001\/XMLSchema#date"
            }
        ],
        "http:\/\/rdfs.org\/sioc\/ns#link": [
            {
                "type": "uri",
                "value": "https:\/\/umayyayinevi.com\/en\/uluslararasi-dil-ogrenicileri-icin-a1-resimli-turkce-sozluk-ahmet-cihan-bulundu\/"
            }
        ],
        "http:\/\/rdfs.org\/sioc\/ns#has_creator": [
            {
                "type": "uri",
                "value": "https:\/\/umayyayinevi.com\/en\/author\/halkbilimci\/#account"
            }
        ],
        "http:\/\/rdfs.org\/sioc\/ns#has_container": [
            {
                "type": "uri",
                "value": "https:\/\/umayyayinevi.com\/en\/#posts"
            }
        ],
        "http:\/\/purl.org\/dc\/elements\/1.1\/abstract": [
            {
                "type": "literal",
                "value": ""
            }
        ],
        "http:\/\/purl.org\/rss\/1.0\/modules\/content\/encoded": [
            {
                "type": "literal",
                "value": "<![CDATA[<!-- wp:columns -->\n<div class=\"wp-block-columns\"><!-- wp:column {\"width\":\"33.33%\"} -->\n<div class=\"wp-block-column\" style=\"flex-basis:33.33%\"><!-- wp:image {\"id\":2393,\"sizeSlug\":\"large\",\"linkDestination\":\"none\"} -->\n<figure class=\"wp-block-image size-large\"><img src=\"https:\/\/umayyayinevi.com\/wp-content\/uploads\/2026\/08\/A1-Resimli-Turkce-Sozluk-On-Kapak-682x1024.png\" alt=\"\" class=\"wp-image-2393\"\/><\/figure>\n<!-- \/wp:image --><\/div>\n<!-- \/wp:column -->\n\n<!-- wp:column {\"width\":\"66.66%\",\"className\":\"is-style-stripes\",\"backgroundColor\":\"background\"} -->\n<div class=\"wp-block-column is-style-stripes has-background-background-color has-background\" style=\"flex-basis:66.66%\"><!-- wp:table -->\n<figure class=\"wp-block-table\"><table class=\"has-fixed-layout\"><tbody><tr><td><strong>Kitap Ad\u0131<\/strong> <strong>\/ Yazar<\/strong><\/td><td>Uluslararas\u0131 Dil \u00d6\u011frenicileri \u0130\u00e7in A1 Resimli T\u00fcrk\u00e7e S\u00f6zl\u00fck \/ Ahmet Cihan Bulundu<\/td><\/tr><tr><td><strong>Yay\u0131n Y\u0131l\u0131<\/strong><\/td><td>2026 \/ Umay Yay\u0131nevi<\/td><\/tr><tr><td><strong>Sayfa Say\u0131s\u0131<\/strong><\/td><td>250<\/td><\/tr><tr><td><strong>Bask\u0131 Say\u0131s\u0131<\/strong> <strong>\/ Yer<\/strong><\/td><td>1. Bask\u0131 \/ Samsun<\/td><\/tr><tr><td><strong>ISBN<\/strong><\/td><td>978-625-8950-51-9<\/td><\/tr><tr><td><strong>DOI<\/strong><\/td><td>10.5281\/zenodo.21906115<\/td><\/tr><tr><td><strong>Dil<\/strong><\/td><td>T\u00fcrk\u00e7e<\/td><\/tr><tr><td><strong>Seri\/Numara<\/strong><\/td><td>158<\/td><\/tr><tr><td><strong>Ana Konular<\/strong><\/td><td>Tu\u0308rk\u00e7e So\u0308zlu\u0308k, Du\u0308nya Dili Tu\u0308rk\u00e7e, Uluslararas\u0131 Dil \u00d6g\u0306renicileri \u0130\u00e7in Tu\u0308rk\u00e7e, Derlem, S\u0131kl\u0131k<\/td><\/tr><tr><td><strong>At\u0131f\/Cite<\/strong><\/td><td>Bulundu, A. C. (2026). <em>Uluslararas\u0131 dil \u00f6\u011frenicileri i\u00e7in a1 resimli T\u00fcrk\u00e7e s\u00f6zl\u00fck.<\/em> Umay Yay\u0131nevi.<\/td><\/tr><\/tbody><\/table><\/figure>\n<!-- \/wp:table --><\/div>\n<!-- \/wp:column --><\/div>\n<!-- \/wp:columns -->\n\n<!-- wp:paragraph -->\n<p><strong>\u00d6z:<\/strong><br>Uluslararas\u0131 Dil \u00d6\u011frenicileri \u0130\u00e7in Resimli T\u00fcrk\u00e7e S\u00f6zl\u00fck, T\u00fcrk\u00e7enin yabanc\u0131 dil olarak \u00f6\u011fretimine y\u00f6nelik dokuz \u00f6\u011fretim setindeki A1 kitaplar\u0131ndan olu\u015fturulan \u00f6zel alan alt derleminin s\u0131kl\u0131k verilerine dayanan 2000 maddelik bir ba\u015fvuru ve \u00f6\u011frenme kayna\u011f\u0131d\u0131r. Maddeler alfabetik olarak de\u011fil, A1 girdisindeki kullan\u0131m \u00f6nceli\u011fine g\u00f6re s\u0131ralanm\u0131\u015f; her madde g\u00f6rsel, T\u00fcrk\u00e7e \u00f6rnek t\u00fcmce ve \u0130ngilizce kar\u015f\u0131l\u0131kla desteklenmi\u015ftir. Derlem \u00e7\u0131kt\u0131lar\u0131n\u0131n tek tek temizlenmesi, do\u011frulanmas\u0131, anlamland\u0131r\u0131lmas\u0131 ve g\u00f6rselle\u015ftirilmesiyle haz\u0131rlanan eser; uluslararas\u0131 \u00f6\u011frenciler, T\u00fcrk\u00e7e \u00f6\u011freticileri, T\u00d6MER\u2019ler ve materyal geli\u015ftiriciler i\u00e7in veri temelli bir \u00f6\u011frenme rotas\u0131 sunar.<br><strong>Abstract:<\/strong><br>The Illustrated Turkish Dictionary for International Language Learners is a 2,000-entry reference and learning resource based on frequency data from a specialized sub-collection of A1-level books drawn from nine teaching sets designed for teaching Turkish as a foreign language. Entries are arranged not alphabetically but according to their priority of use in the A1 level; each entry is supported by an image, a Turkish example sentence, and an English translation. Prepared through the individual cleaning, verification, interpretation, and visualization of the compilation\u2019s output, this work offers a data-driven learning path for international students, Turkish language instructors, T\u00d6MER centers, and instructional material developers.<br><\/p>\n<!-- \/wp:paragraph -->\n\n<!-- wp:file {\"id\":2394,\"href\":\"https:\/\/umayyayinevi.com\/wp-content\/uploads\/2026\/08\/A1-Resimli-Turkce-Sozluk-Ahmet-Cihan-Bulundu.pdf\",\"displayPreview\":true} -->\n<div class=\"wp-block-file\"><object class=\"wp-block-file__embed\" data=\"https:\/\/umayyayinevi.com\/wp-content\/uploads\/2026\/08\/A1-Resimli-Turkce-Sozluk-Ahmet-Cihan-Bulundu.pdf\" type=\"application\/pdf\" style=\"width:100%;height:600px\" aria-label=\"A1 Resimli T\u00fcrk\u00e7e S\u00f6zl\u00fck-Ahmet Cihan Bulundu\"><\/object><a id=\"wp-block-file--media-b38498e5-9cf1-423d-bab9-798b55de492b\" href=\"https:\/\/umayyayinevi.com\/wp-content\/uploads\/2026\/08\/A1-Resimli-Turkce-Sozluk-Ahmet-Cihan-Bulundu.pdf\">A1 Resimli T\u00fcrk\u00e7e S\u00f6zl\u00fck-Ahmet Cihan Bulundu<\/a><a href=\"https:\/\/umayyayinevi.com\/wp-content\/uploads\/2026\/08\/A1-Resimli-Turkce-Sozluk-Ahmet-Cihan-Bulundu.pdf\" class=\"wp-block-file__button wp-element-button\" download aria-describedby=\"wp-block-file--media-b38498e5-9cf1-423d-bab9-798b55de492b\">\u0130ndir<\/a><\/div>\n<!-- \/wp:file -->\n\n<!-- wp:details -->\n<details class=\"wp-block-details\"><summary><strong>\u00d6N KAPAK \u0130\u00c7\u0130N TIKLAYINIZ.<\/strong><\/summary><!-- wp:file {\"id\":2395,\"href\":\"https:\/\/umayyayinevi.com\/wp-content\/uploads\/2026\/08\/A1-Resimli-Turkce-Sozluk-On-Kapak-1.png\"} -->\n<div class=\"wp-block-file\"><a id=\"wp-block-file--media-c7719526-d942-42e1-814d-0d38be782be6\" href=\"https:\/\/umayyayinevi.com\/wp-content\/uploads\/2026\/08\/A1-Resimli-Turkce-Sozluk-On-Kapak-1.png\">A1 Resimli T\u00fcrk\u00e7e S\u00f6zl\u00fck-\u00d6n Kapak<\/a><a href=\"https:\/\/umayyayinevi.com\/wp-content\/uploads\/2026\/08\/A1-Resimli-Turkce-Sozluk-On-Kapak-1.png\" class=\"wp-block-file__button wp-element-button\" download aria-describedby=\"wp-block-file--media-c7719526-d942-42e1-814d-0d38be782be6\">\u0130ndir<\/a><\/div>\n<!-- \/wp:file --><\/details>\n<!-- \/wp:details -->\n\n<!-- wp:details -->\n<details class=\"wp-block-details\"><summary><strong>ARKA KAPAK \u0130\u00c7\u0130N TIKLAYINIZ.<\/strong><\/summary><!-- wp:file {\"id\":2396,\"href\":\"https:\/\/umayyayinevi.com\/wp-content\/uploads\/2026\/08\/A1-Resimli-Turkce-Sozluk-Arka-Kapak.jpg\"} -->\n<div class=\"wp-block-file\"><a id=\"wp-block-file--media-081673ff-e369-4b96-8d18-9bdc0452f7e7\" href=\"https:\/\/umayyayinevi.com\/wp-content\/uploads\/2026\/08\/A1-Resimli-Turkce-Sozluk-Arka-Kapak.jpg\">A1 Resimli T\u00fcrk\u00e7e S\u00f6zl\u00fck-Arka Kapak<\/a><a href=\"https:\/\/umayyayinevi.com\/wp-content\/uploads\/2026\/08\/A1-Resimli-Turkce-Sozluk-Arka-Kapak.jpg\" class=\"wp-block-file__button wp-element-button\" download aria-describedby=\"wp-block-file--media-081673ff-e369-4b96-8d18-9bdc0452f7e7\">\u0130ndir<\/a><\/div>\n<!-- \/wp:file --><\/details>\n<!-- \/wp:details -->\n\n<!-- wp:paragraph -->\n<p><strong>Bibliyografik kay\u0131tlar i\u00e7in a\u015fa\u011f\u0131daki d\u00fc\u011fmeye t\u0131klay\u0131n\u0131z.<\/strong><\/p>\n<!-- \/wp:paragraph -->\n\n<!-- wp:buttons -->\n<div class=\"wp-block-buttons\"><!-- wp:button -->\n<div class=\"wp-block-button\"><a class=\"wp-block-button__link wp-element-button\" href=\"https:\/\/umayyayinevi.com\/wp-content\/uploads\/2026\/08\/158_Uluslararasi_Dil_Ogrenicileri_Icin.zip\">ONIX 3.0, MARC 21, KBART, THEMA, BIC<\/a><\/div>\n<!-- \/wp:button --><\/div>\n<!-- \/wp:buttons -->\n\n<!-- wp:separator -->\n<hr class=\"wp-block-separator has-alpha-channel-opacity\"\/>\n<!-- \/wp:separator -->\n\n<!-- wp:paragraph -->\n<p><\/p>\n<!-- \/wp:paragraph -->]]>",
                "datatype": "http:\/\/www.w3.org\/1999\/02\/22-rdf-syntax-ns#XMLLiteral"
            }
        ],
        "http:\/\/rdfs.org\/sioc\/ns#content": [
            {
                "type": "literal",
                "value": "\n\n\n\n\n\n\n\n\nKitap Ad\u0131 \/ YazarUluslararas\u0131 Dil \u00d6\u011frenicileri \u0130\u00e7in A1 Resimli T\u00fcrk\u00e7e S\u00f6zl\u00fck \/ Ahmet Cihan BulunduYay\u0131n Y\u0131l\u01312026 \/ Umay Yay\u0131neviSayfa Say\u0131s\u0131250Bask\u0131 Say\u0131s\u0131 \/ Yer1. Bask\u0131 \/ SamsunISBN978-625-8950-51-9DOI10.5281\/zenodo.21906115DilT\u00fcrk\u00e7eSeri\/Numara158Ana KonularTu\u0308rk\u00e7e So\u0308zlu\u0308k, Du\u0308nya Dili Tu\u0308rk\u00e7e, Uluslararas\u0131 Dil \u00d6g\u0306renicileri \u0130\u00e7in Tu\u0308rk\u00e7e, Derlem, S\u0131kl\u0131kAt\u0131f\/CiteBulundu, A. C. (2026). Uluslararas\u0131 dil \u00f6\u011frenicileri i\u00e7in a1 resimli T\u00fcrk\u00e7e s\u00f6zl\u00fck. Umay Yay\u0131nevi.\n\n\n\n\n\n\u00d6z:Uluslararas\u0131 Dil \u00d6\u011frenicileri \u0130\u00e7in Resimli T\u00fcrk\u00e7e S\u00f6zl\u00fck, T\u00fcrk\u00e7enin yabanc\u0131 dil olarak \u00f6\u011fretimine y\u00f6nelik dokuz \u00f6\u011fretim setindeki A1 kitaplar\u0131ndan olu\u015fturulan \u00f6zel alan alt derleminin s\u0131kl\u0131k verilerine dayanan 2000 maddelik bir ba\u015fvuru ve \u00f6\u011frenme kayna\u011f\u0131d\u0131r. Maddeler alfabetik olarak de\u011fil, A1 girdisindeki kullan\u0131m \u00f6nceli\u011fine g\u00f6re s\u0131ralanm\u0131\u015f; her madde g\u00f6rsel, T\u00fcrk\u00e7e \u00f6rnek t\u00fcmce ve \u0130ngilizce kar\u015f\u0131l\u0131kla desteklenmi\u015ftir. Derlem \u00e7\u0131kt\u0131lar\u0131n\u0131n tek tek temizlenmesi, do\u011frulanmas\u0131, anlamland\u0131r\u0131lmas\u0131 ve g\u00f6rselle\u015ftirilmesiyle haz\u0131rlanan eser; uluslararas\u0131 \u00f6\u011frenciler, T\u00fcrk\u00e7e \u00f6\u011freticileri, T\u00d6MER\u2019ler ve materyal geli\u015ftiriciler i\u00e7in veri temelli bir \u00f6\u011frenme rotas\u0131 sunar.Abstract:The Illustrated Turkish Dictionary for International Language Learners is a 2,000-entry reference and learning resource based on frequency data from a specialized sub-collection of A1-level books drawn from nine teaching sets designed for teaching Turkish as a foreign language. Entries are arranged not alphabetically but according to their priority of use in the A1 level; each entry is supported by an image, a Turkish example sentence, and an English translation. Prepared through the individual cleaning, verification, interpretation, and visualization of the compilation\u2019s output, this work offers a data-driven learning path for international students, Turkish language instructors, T\u00d6MER centers, and instructional material developers.\n\n\n\nA1 Resimli T\u00fcrk\u00e7e S\u00f6zl\u00fck-Ahmet Cihan Bulundu\u0130ndir\n\n\n\n\u00d6N KAPAK \u0130\u00c7\u0130N TIKLAYINIZ.\nA1 Resimli T\u00fcrk\u00e7e S\u00f6zl\u00fck-\u00d6n Kapak\u0130ndir\n\n\n\n\nARKA KAPAK \u0130\u00c7\u0130N TIKLAYINIZ.\nA1 Resimli T\u00fcrk\u00e7e S\u00f6zl\u00fck-Arka Kapak\u0130ndir\n\n\n\n\nBibliyografik kay\u0131tlar i\u00e7in a\u015fa\u011f\u0131daki d\u00fc\u011fmeye t\u0131klay\u0131n\u0131z.\n\n\n\n\nONIX 3.0, MARC 21, KBART, THEMA, BIC\n\n\n\n\n\n\n\n\n\n"
            }
        ],
        "http:\/\/rdfs.org\/sioc\/ns#topic": [
            {
                "type": "uri",
                "value": "https:\/\/umayyayinevi.com\/en\/category\/genel-ru\/"
            },
            {
                "type": "uri",
                "value": "https:\/\/umayyayinevi.com\/en\/tag\/a1-resimli-turkce-sozluk\/"
            },
            {
                "type": "uri",
                "value": "https:\/\/umayyayinevi.com\/en\/tag\/ahmet-cihan-bulundu\/"
            },
            {
                "type": "uri",
                "value": "https:\/\/umayyayinevi.com\/en\/tag\/derlem\/"
            },
            {
                "type": "uri",
                "value": "https:\/\/umayyayinevi.com\/en\/tag\/du%cc%88nya-dili-tu%cc%88rkce\/"
            },
            {
                "type": "uri",
                "value": "https:\/\/umayyayinevi.com\/en\/tag\/siklik\/"
            },
            {
                "type": "uri",
                "value": "https:\/\/umayyayinevi.com\/en\/tag\/tu%cc%88rkce-so%cc%88zlu%cc%88k\/"
            },
            {
                "type": "uri",
                "value": "https:\/\/umayyayinevi.com\/en\/tag\/uluslararasi-dil-ogrenicileri-icin-a1-resimli-turkce-sozluk\/"
            },
            {
                "type": "uri",
                "value": "https:\/\/umayyayinevi.com\/en\/tag\/uluslararasi-dil-og%cc%86renicileri-icin-tu%cc%88rkce\/"
            },
            {
                "type": "uri",
                "value": "https:\/\/umayyayinevi.com\/en\/tag\/uluslararasi-yayinevi\/"
            },
            {
                "type": "uri",
                "value": "https:\/\/umayyayinevi.com\/en\/tag\/yabancilara-turkce-ogretimi\/"
            }
        ],
        "http:\/\/rdfs.org\/sioc\/ns#attachment": [
            {
                "type": "uri",
                "value": "https:\/\/umayyayinevi.com\/wp-content\/uploads\/2026\/08\/A1-Resimli-Turkce-Sozluk-Arka-Kapak.jpg"
            },
            {
                "type": "uri",
                "value": "https:\/\/umayyayinevi.com\/wp-content\/uploads\/2026\/08\/A1-Resimli-Turkce-Sozluk-On-Kapak-1.png"
            },
            {
                "type": "uri",
                "value": "https:\/\/umayyayinevi.com\/wp-content\/uploads\/2026\/08\/A1-Resimli-Turkce-Sozluk-Ahmet-Cihan-Bulundu.pdf"
            },
            {
                "type": "uri",
                "value": "https:\/\/umayyayinevi.com\/wp-content\/uploads\/2026\/08\/A1-Resimli-Turkce-Sozluk-On-Kapak.png"
            }
        ]
    },
    "https:\/\/umayyayinevi.com\/en\/author\/halkbilimci\/#account": {
        "http:\/\/www.w3.org\/2000\/01\/rdf-schema#seeAlso": [
            {
                "type": "uri",
                "value": "https:\/\/umayyayinevi.com\/en\/author\/halkbilimci\/?feed=lhrdf&format=json"
            }
        ]
    },
    "https:\/\/umayyayinevi.com\/en\/category\/genel-ru\/": {
        "http:\/\/www.w3.org\/2000\/01\/rdf-schema#seeAlso": [
            {
                "type": "uri",
                "value": "https:\/\/umayyayinevi.com\/en\/category\/genel-ru\/?feed=lhrdf&format=json"
            }
        ]
    },
    "https:\/\/umayyayinevi.com\/en\/tag\/a1-resimli-turkce-sozluk\/": {
        "http:\/\/www.w3.org\/2000\/01\/rdf-schema#seeAlso": [
            {
                "type": "uri",
                "value": "https:\/\/umayyayinevi.com\/en\/tag\/a1-resimli-turkce-sozluk\/?feed=lhrdf&format=json"
            }
        ]
    },
    "https:\/\/umayyayinevi.com\/en\/tag\/ahmet-cihan-bulundu\/": {
        "http:\/\/www.w3.org\/2000\/01\/rdf-schema#seeAlso": [
            {
                "type": "uri",
                "value": "https:\/\/umayyayinevi.com\/en\/tag\/ahmet-cihan-bulundu\/?feed=lhrdf&format=json"
            }
        ]
    },
    "https:\/\/umayyayinevi.com\/en\/tag\/derlem\/": {
        "http:\/\/www.w3.org\/2000\/01\/rdf-schema#seeAlso": [
            {
                "type": "uri",
                "value": "https:\/\/umayyayinevi.com\/en\/tag\/derlem\/?feed=lhrdf&format=json"
            }
        ]
    },
    "https:\/\/umayyayinevi.com\/en\/tag\/du%cc%88nya-dili-tu%cc%88rkce\/": {
        "http:\/\/www.w3.org\/2000\/01\/rdf-schema#seeAlso": [
            {
                "type": "uri",
                "value": "https:\/\/umayyayinevi.com\/en\/tag\/du%cc%88nya-dili-tu%cc%88rkce\/?feed=lhrdf&format=json"
            }
        ]
    },
    "https:\/\/umayyayinevi.com\/en\/tag\/siklik\/": {
        "http:\/\/www.w3.org\/2000\/01\/rdf-schema#seeAlso": [
            {
                "type": "uri",
                "value": "https:\/\/umayyayinevi.com\/en\/tag\/siklik\/?feed=lhrdf&format=json"
            }
        ]
    },
    "https:\/\/umayyayinevi.com\/en\/tag\/tu%cc%88rkce-so%cc%88zlu%cc%88k\/": {
        "http:\/\/www.w3.org\/2000\/01\/rdf-schema#seeAlso": [
            {
                "type": "uri",
                "value": "https:\/\/umayyayinevi.com\/en\/tag\/tu%cc%88rkce-so%cc%88zlu%cc%88k\/?feed=lhrdf&format=json"
            }
        ]
    },
    "https:\/\/umayyayinevi.com\/en\/tag\/uluslararasi-dil-ogrenicileri-icin-a1-resimli-turkce-sozluk\/": {
        "http:\/\/www.w3.org\/2000\/01\/rdf-schema#seeAlso": [
            {
                "type": "uri",
                "value": "https:\/\/umayyayinevi.com\/en\/tag\/uluslararasi-dil-ogrenicileri-icin-a1-resimli-turkce-sozluk\/?feed=lhrdf&format=json"
            }
        ]
    },
    "https:\/\/umayyayinevi.com\/en\/tag\/uluslararasi-dil-og%cc%86renicileri-icin-tu%cc%88rkce\/": {
        "http:\/\/www.w3.org\/2000\/01\/rdf-schema#seeAlso": [
            {
                "type": "uri",
                "value": "https:\/\/umayyayinevi.com\/en\/tag\/uluslararasi-dil-og%cc%86renicileri-icin-tu%cc%88rkce\/?feed=lhrdf&format=json"
            }
        ]
    },
    "https:\/\/umayyayinevi.com\/en\/tag\/uluslararasi-yayinevi\/": {
        "http:\/\/www.w3.org\/2000\/01\/rdf-schema#seeAlso": [
            {
                "type": "uri",
                "value": "https:\/\/umayyayinevi.com\/en\/tag\/uluslararasi-yayinevi\/?feed=lhrdf&format=json"
            }
        ]
    },
    "https:\/\/umayyayinevi.com\/en\/tag\/yabancilara-turkce-ogretimi\/": {
        "http:\/\/www.w3.org\/2000\/01\/rdf-schema#seeAlso": [
            {
                "type": "uri",
                "value": "https:\/\/umayyayinevi.com\/en\/tag\/yabancilara-turkce-ogretimi\/?feed=lhrdf&format=json"
            }
        ]
    },
    "https:\/\/umayyayinevi.com\/wp-content\/uploads\/2026\/08\/A1-Resimli-Turkce-Sozluk-Arka-Kapak.jpg": {
        "http:\/\/www.w3.org\/2000\/01\/rdf-schema#seeAlso": [
            {
                "type": "uri",
                "value": "https:\/\/umayyayinevi.com\/en\/uluslararasi-dil-ogrenicileri-icin-a1-resimli-turkce-sozluk-ahmet-cihan-bulundu\/a1-resimli-turkce-sozluk-arka-kapak\/?feed=lhrdf&format=json"
            }
        ]
    },
    "https:\/\/umayyayinevi.com\/wp-content\/uploads\/2026\/08\/A1-Resimli-Turkce-Sozluk-On-Kapak-1.png": {
        "http:\/\/www.w3.org\/2000\/01\/rdf-schema#seeAlso": [
            {
                "type": "uri",
                "value": "https:\/\/umayyayinevi.com\/en\/uluslararasi-dil-ogrenicileri-icin-a1-resimli-turkce-sozluk-ahmet-cihan-bulundu\/a1-resimli-turkce-sozluk-on-kapak-2\/?feed=lhrdf&format=json"
            }
        ]
    },
    "https:\/\/umayyayinevi.com\/wp-content\/uploads\/2026\/08\/A1-Resimli-Turkce-Sozluk-Ahmet-Cihan-Bulundu.pdf": {
        "http:\/\/www.w3.org\/2000\/01\/rdf-schema#seeAlso": [
            {
                "type": "uri",
                "value": "https:\/\/umayyayinevi.com\/en\/uluslararasi-dil-ogrenicileri-icin-a1-resimli-turkce-sozluk-ahmet-cihan-bulundu\/a1-resimli-turkce-sozluk-ahmet-cihan-bulundu\/?feed=lhrdf&format=json"
            }
        ]
    },
    "https:\/\/umayyayinevi.com\/wp-content\/uploads\/2026\/08\/A1-Resimli-Turkce-Sozluk-On-Kapak.png": {
        "http:\/\/www.w3.org\/2000\/01\/rdf-schema#seeAlso": [
            {
                "type": "uri",
                "value": "https:\/\/umayyayinevi.com\/en\/uluslararasi-dil-ogrenicileri-icin-a1-resimli-turkce-sozluk-ahmet-cihan-bulundu\/a1-resimli-turkce-sozluk-on-kapak\/?feed=lhrdf&format=json"
            }
        ]
    }
}