{
    "https:\/\/umayyayinevi.com\/?post_type=product&#038;p=2425": {
        "http:\/\/www.w3.org\/1999\/02\/22-rdf-syntax-ns#type": [
            {
                "type": "uri",
                "value": "http:\/\/rdfs.org\/sioc\/ns#Post"
            }
        ],
        "http:\/\/purl.org\/dc\/elements\/1.1\/title": [
            {
                "type": "literal",
                "value": "K\u0131r\u0131k Zamanlar-S\u00fcreyya Do\u011fan"
            }
        ],
        "http:\/\/purl.org\/dc\/terms\/identifier": [
            {
                "type": "literal",
                "value": "2425",
                "datatype": "http:\/\/www.w3.org\/2001\/XMLSchema#integer"
            }
        ],
        "http:\/\/purl.org\/dc\/elements\/1.1\/modified": [
            {
                "type": "literal",
                "value": "2026-08-26",
                "datatype": "http:\/\/www.w3.org\/2001\/XMLSchema#date"
            }
        ],
        "http:\/\/purl.org\/dc\/elements\/1.1\/created": [
            {
                "type": "literal",
                "value": "2026-08-12",
                "datatype": "http:\/\/www.w3.org\/2001\/XMLSchema#date"
            }
        ],
        "http:\/\/rdfs.org\/sioc\/ns#link": [
            {
                "type": "uri",
                "value": "https:\/\/umayyayinevi.com\/en\/product\/kirik-zamanlar-sureyya-dogan\/"
            }
        ],
        "http:\/\/rdfs.org\/sioc\/ns#has_creator": [
            {
                "type": "uri",
                "value": "https:\/\/umayyayinevi.com\/en\/author\/halkbilimci\/#account"
            }
        ],
        "http:\/\/rdfs.org\/sioc\/ns#has_container": [
            {
                "type": "uri",
                "value": "https:\/\/umayyayinevi.com\/en\/#posts"
            }
        ],
        "http:\/\/purl.org\/dc\/elements\/1.1\/abstract": [
            {
                "type": "literal",
                "value": "Baz\u0131 kitaplar bilgi verir, baz\u0131lar\u0131 hik\u00e2ye anlat\u0131r. Baz\u0131lar\u0131 ise insan\u0131 kendi ge\u00e7mi\u015fiyle, kendi vicdan\u0131yla ve kendi haf\u0131zas\u0131yla bulu\u015fturur. Elinizdeki K\u0131r\u0131k Zamanlar, tam da bu \u00fc\u00e7\u00fcnc\u00fc t\u00fcr\u00fcn i\u00e7inde yer al\u0131yor. Bu kitapta anlat\u0131lanlar yaln\u0131zca ya\u015fanm\u0131\u015f olaylar\u0131n s\u0131ralanmas\u0131ndan ibaret de\u011fildir. Her b\u00f6l\u00fcm, Anadolu\u2019nun farkl\u0131 k\u00f6\u015felerinde ya\u015fanm\u0131\u015f hayatlar\u0131n; \u00f6\u011fretmenli\u011fin, dostlu\u011fun, yaln\u0131zl\u0131\u011f\u0131n, umudun ve insan olman\u0131n izlerini ta\u015f\u0131yan birer hat\u0131rad\u0131r.\r\n\r\n&nbsp;"
            }
        ],
        "http:\/\/purl.org\/rss\/1.0\/modules\/content\/encoded": [
            {
                "type": "literal",
                "value": "<![CDATA[Baz\u0131 kitaplar bilgi verir, baz\u0131lar\u0131 hik\u00e2ye anlat\u0131r. Baz\u0131lar\u0131 ise insan\u0131 kendi ge\u00e7mi\u015fiyle, kendi vicdan\u0131yla ve kendi haf\u0131zas\u0131yla bulu\u015fturur. Elinizdeki K\u0131r\u0131k Zamanlar, tam da bu \u00fc\u00e7\u00fcnc\u00fc t\u00fcr\u00fcn i\u00e7inde yer al\u0131yor. Bu kitapta anlat\u0131lanlar yaln\u0131zca ya\u015fanm\u0131\u015f olaylar\u0131n s\u0131ralanmas\u0131ndan ibaret de\u011fildir. Her b\u00f6l\u00fcm, Anadolu\u2019nun farkl\u0131 k\u00f6\u015felerinde ya\u015fanm\u0131\u015f hayatlar\u0131n; \u00f6\u011fretmenli\u011fin, dostlu\u011fun, yaln\u0131zl\u0131\u011f\u0131n, umudun ve insan olman\u0131n izlerini ta\u015f\u0131yan birer hat\u0131rad\u0131r. Kimi zaman I\u011fd\u0131r\u2019\u0131n bir k\u00f6y okulunda, kimi zaman Kayseri\u2019nin sokaklar\u0131nda, kimi zaman pandemi g\u00fcnlerinde bilgisayar ekran\u0131n\u0131n ard\u0131nda, kimi zaman da y\u0131llar \u00f6ncesinin s\u0131cak bir k\u00f6y odas\u0131nda bulacaks\u0131n\u0131z kendinizi. Hat\u0131ralar, zaman ge\u00e7tik\u00e7e eksilmez; aksine anlam kazan\u0131r. \u00c7\u00fcnk\u00fc insan ya\u015farken fark etmedi\u011fi bir\u00e7ok duyguyu, y\u0131llar sonra geriye d\u00f6n\u00fcp bakt\u0131\u011f\u0131nda yeniden ke\u015ffeder. Bu kitap da o ke\u015ffin \u00fcr\u00fcn\u00fcd\u00fcr. Ya\u015fanan ac\u0131lar, tebess\u00fcm ettiren an\u0131lar, unutulmayan insanlar ve haf\u0131zada iz b\u0131rakan olaylar, oldu\u011fu gibi de\u011fil; g\u00f6n\u00fclden s\u00fcz\u00fcld\u00fc\u011f\u00fc \u015fekliyle anlat\u0131lm\u0131\u015ft\u0131r. Bu sat\u0131rlar\u0131 okurken bazen g\u00fclece\u011finizi, bazen h\u00fcz\u00fcnlenece\u011finizi, bazen de kendi hayat\u0131n\u0131zdan bir par\u00e7a bulaca\u011f\u0131n\u0131z\u0131 umut ediyorum. E\u011fer kitab\u0131n herhangi bir sayfas\u0131nda kendi \u00e7ocuklu\u011funuza, \u00f6\u011fretmeninize, k\u00f6y\u00fcn\u00fcze, annenize, baban\u0131za ya da unutamad\u0131\u011f\u0131n\u0131z bir dosta rastlarsan\u0131z, bu kitab\u0131n as\u0131l amac\u0131na ula\u015ft\u0131\u011f\u0131na inanaca\u011f\u0131m. Hayat\u0131m\u0131zdan ge\u00e7en insanlar\u0131n \u00e7o\u011fu zamanla uzakla\u015f\u0131r; fakat bize b\u0131rakt\u0131klar\u0131 izler hi\u00e7bir zaman silinmez. Bu kitap, i\u015fte o izlere duyulan vefan\u0131n m\u00fctevaz\u0131 bir ifadesidir.]]>",
                "datatype": "http:\/\/www.w3.org\/1999\/02\/22-rdf-syntax-ns#XMLLiteral"
            }
        ],
        "http:\/\/rdfs.org\/sioc\/ns#content": [
            {
                "type": "literal",
                "value": "Baz\u0131 kitaplar bilgi verir, baz\u0131lar\u0131 hik\u00e2ye anlat\u0131r. Baz\u0131lar\u0131 ise insan\u0131 kendi ge\u00e7mi\u015fiyle, kendi vicdan\u0131yla ve kendi haf\u0131zas\u0131yla bulu\u015fturur. Elinizdeki K\u0131r\u0131k Zamanlar, tam da bu \u00fc\u00e7\u00fcnc\u00fc t\u00fcr\u00fcn i\u00e7inde yer al\u0131yor. Bu kitapta anlat\u0131lanlar yaln\u0131zca ya\u015fanm\u0131\u015f olaylar\u0131n s\u0131ralanmas\u0131ndan ibaret de\u011fildir. Her b\u00f6l\u00fcm, Anadolu\u2019nun farkl\u0131 k\u00f6\u015felerinde ya\u015fanm\u0131\u015f hayatlar\u0131n; \u00f6\u011fretmenli\u011fin, dostlu\u011fun, yaln\u0131zl\u0131\u011f\u0131n, umudun ve insan olman\u0131n izlerini ta\u015f\u0131yan birer hat\u0131rad\u0131r. Kimi zaman I\u011fd\u0131r\u2019\u0131n bir k\u00f6y okulunda, kimi zaman Kayseri\u2019nin sokaklar\u0131nda, kimi zaman pandemi g\u00fcnlerinde bilgisayar ekran\u0131n\u0131n ard\u0131nda, kimi zaman da y\u0131llar \u00f6ncesinin s\u0131cak bir k\u00f6y odas\u0131nda bulacaks\u0131n\u0131z kendinizi. Hat\u0131ralar, zaman ge\u00e7tik\u00e7e eksilmez; aksine anlam kazan\u0131r. \u00c7\u00fcnk\u00fc insan ya\u015farken fark etmedi\u011fi bir\u00e7ok duyguyu, y\u0131llar sonra geriye d\u00f6n\u00fcp bakt\u0131\u011f\u0131nda yeniden ke\u015ffeder. Bu kitap da o ke\u015ffin \u00fcr\u00fcn\u00fcd\u00fcr. Ya\u015fanan ac\u0131lar, tebess\u00fcm ettiren an\u0131lar, unutulmayan insanlar ve haf\u0131zada iz b\u0131rakan olaylar, oldu\u011fu gibi de\u011fil; g\u00f6n\u00fclden s\u00fcz\u00fcld\u00fc\u011f\u00fc \u015fekliyle anlat\u0131lm\u0131\u015ft\u0131r. Bu sat\u0131rlar\u0131 okurken bazen g\u00fclece\u011finizi, bazen h\u00fcz\u00fcnlenece\u011finizi, bazen de kendi hayat\u0131n\u0131zdan bir par\u00e7a bulaca\u011f\u0131n\u0131z\u0131 umut ediyorum. E\u011fer kitab\u0131n herhangi bir sayfas\u0131nda kendi \u00e7ocuklu\u011funuza, \u00f6\u011fretmeninize, k\u00f6y\u00fcn\u00fcze, annenize, baban\u0131za ya da unutamad\u0131\u011f\u0131n\u0131z bir dosta rastlarsan\u0131z, bu kitab\u0131n as\u0131l amac\u0131na ula\u015ft\u0131\u011f\u0131na inanaca\u011f\u0131m. Hayat\u0131m\u0131zdan ge\u00e7en insanlar\u0131n \u00e7o\u011fu zamanla uzakla\u015f\u0131r; fakat bize b\u0131rakt\u0131klar\u0131 izler hi\u00e7bir zaman silinmez. Bu kitap, i\u015fte o izlere duyulan vefan\u0131n m\u00fctevaz\u0131 bir ifadesidir."
            }
        ],
        "http:\/\/xmlns.com\/foaf\/0.1\/depiction": [
            {
                "type": "uri",
                "value": "https:\/\/umayyayinevi.com\/wp-content\/uploads\/2026\/08\/Sureyya-Dogan-On-Kapak.png"
            }
        ],
        "http:\/\/rdfs.org\/sioc\/ns#topic": [
            {
                "type": "uri",
                "value": "https:\/\/umayyayinevi.com\/en\/brand\/umay-yayinevi\/"
            },
            {
                "type": "uri",
                "value": "https:\/\/umayyayinevi.com\/en\/?taxonomy=product_type&term=simple"
            },
            {
                "type": "uri",
                "value": "https:\/\/umayyayinevi.com\/en\/product-category\/kultur-sanat-edebiyat\/"
            },
            {
                "type": "uri",
                "value": "https:\/\/umayyayinevi.com\/en\/product-tag\/hatiralar\/"
            },
            {
                "type": "uri",
                "value": "https:\/\/umayyayinevi.com\/en\/product-tag\/hayat\/"
            },
            {
                "type": "uri",
                "value": "https:\/\/umayyayinevi.com\/en\/product-tag\/kirik-zamanlar\/"
            },
            {
                "type": "uri",
                "value": "https:\/\/umayyayinevi.com\/en\/product-tag\/og%cc%86retmenlik\/"
            }
        ],
        "http:\/\/rdfs.org\/sioc\/ns#attachment": [
            {
                "type": "uri",
                "value": "https:\/\/umayyayinevi.com\/wp-content\/uploads\/2026\/08\/Sureyya-Dogan-On-Kapak-1.png"
            },
            {
                "type": "uri",
                "value": "https:\/\/umayyayinevi.com\/wp-content\/uploads\/2026\/08\/Sureyya-Dogan-Kapak.png"
            },
            {
                "type": "uri",
                "value": "https:\/\/umayyayinevi.com\/wp-content\/uploads\/2026\/08\/Sureyya-Dogan-Arka-Kapak.png"
            }
        ]
    },
    "https:\/\/umayyayinevi.com\/en\/author\/halkbilimci\/#account": {
        "http:\/\/www.w3.org\/2000\/01\/rdf-schema#seeAlso": [
            {
                "type": "uri",
                "value": "https:\/\/umayyayinevi.com\/en\/author\/halkbilimci\/?feed=lhrdf&format=json"
            }
        ]
    },
    "https:\/\/umayyayinevi.com\/wp-content\/uploads\/2026\/08\/Sureyya-Dogan-On-Kapak.png": {
        "http:\/\/www.w3.org\/2000\/01\/rdf-schema#seeAlso": [
            {
                "type": "uri",
                "value": "https:\/\/umayyayinevi.com\/en\/kirik-zamanlar-sureyya-dogan\/sureyya-dogan-on-kapak\/?feed=lhrdf"
            }
        ]
    },
    "https:\/\/umayyayinevi.com\/en\/brand\/umay-yayinevi\/": {
        "http:\/\/www.w3.org\/2000\/01\/rdf-schema#seeAlso": [
            {
                "type": "uri",
                "value": "https:\/\/umayyayinevi.com\/en\/brand\/umay-yayinevi\/?feed=lhrdf&format=json"
            }
        ]
    },
    "https:\/\/umayyayinevi.com\/en\/?taxonomy=product_type&term=simple": {
        "http:\/\/www.w3.org\/2000\/01\/rdf-schema#seeAlso": [
            {
                "type": "uri",
                "value": "https:\/\/umayyayinevi.com\/en\/?taxonomy=product_type&term=simple&feed=lhrdf&format=json"
            }
        ]
    },
    "https:\/\/umayyayinevi.com\/en\/product-category\/kultur-sanat-edebiyat\/": {
        "http:\/\/www.w3.org\/2000\/01\/rdf-schema#seeAlso": [
            {
                "type": "uri",
                "value": "https:\/\/umayyayinevi.com\/en\/product-category\/kultur-sanat-edebiyat\/?feed=lhrdf&format=json"
            }
        ]
    },
    "https:\/\/umayyayinevi.com\/en\/product-tag\/hatiralar\/": {
        "http:\/\/www.w3.org\/2000\/01\/rdf-schema#seeAlso": [
            {
                "type": "uri",
                "value": "https:\/\/umayyayinevi.com\/en\/product-tag\/hatiralar\/?feed=lhrdf&format=json"
            }
        ]
    },
    "https:\/\/umayyayinevi.com\/en\/product-tag\/hayat\/": {
        "http:\/\/www.w3.org\/2000\/01\/rdf-schema#seeAlso": [
            {
                "type": "uri",
                "value": "https:\/\/umayyayinevi.com\/en\/product-tag\/hayat\/?feed=lhrdf&format=json"
            }
        ]
    },
    "https:\/\/umayyayinevi.com\/en\/product-tag\/kirik-zamanlar\/": {
        "http:\/\/www.w3.org\/2000\/01\/rdf-schema#seeAlso": [
            {
                "type": "uri",
                "value": "https:\/\/umayyayinevi.com\/en\/product-tag\/kirik-zamanlar\/?feed=lhrdf&format=json"
            }
        ]
    },
    "https:\/\/umayyayinevi.com\/en\/product-tag\/og%cc%86retmenlik\/": {
        "http:\/\/www.w3.org\/2000\/01\/rdf-schema#seeAlso": [
            {
                "type": "uri",
                "value": "https:\/\/umayyayinevi.com\/en\/product-tag\/og%cc%86retmenlik\/?feed=lhrdf&format=json"
            }
        ]
    },
    "https:\/\/umayyayinevi.com\/wp-content\/uploads\/2026\/08\/Sureyya-Dogan-On-Kapak-1.png": {
        "http:\/\/www.w3.org\/2000\/01\/rdf-schema#seeAlso": [
            {
                "type": "uri",
                "value": "https:\/\/umayyayinevi.com\/en\/?attachment_id=2431&feed=lhrdf&format=json"
            }
        ]
    },
    "https:\/\/umayyayinevi.com\/wp-content\/uploads\/2026\/08\/Sureyya-Dogan-Kapak.png": {
        "http:\/\/www.w3.org\/2000\/01\/rdf-schema#seeAlso": [
            {
                "type": "uri",
                "value": "https:\/\/umayyayinevi.com\/en\/?attachment_id=2430&feed=lhrdf&format=json"
            }
        ]
    },
    "https:\/\/umayyayinevi.com\/wp-content\/uploads\/2026\/08\/Sureyya-Dogan-Arka-Kapak.png": {
        "http:\/\/www.w3.org\/2000\/01\/rdf-schema#seeAlso": [
            {
                "type": "uri",
                "value": "https:\/\/umayyayinevi.com\/en\/?attachment_id=2429&feed=lhrdf&format=json"
            }
        ]
    }
}