{
    "https:\/\/umayyayinevi.com\/?p=1873": {
        "http:\/\/www.w3.org\/1999\/02\/22-rdf-syntax-ns#type": [
            {
                "type": "uri",
                "value": "http:\/\/rdfs.org\/sioc\/ns#Post"
            },
            {
                "type": "uri",
                "value": "http:\/\/rdfs.org\/sioc\/types#BlogPost"
            }
        ],
        "http:\/\/purl.org\/dc\/elements\/1.1\/title": [
            {
                "type": "literal",
                "value": "\u00c9ducation et Sociologie - \u00c9mile Durkheim"
            }
        ],
        "http:\/\/purl.org\/dc\/terms\/identifier": [
            {
                "type": "literal",
                "value": "1873",
                "datatype": "http:\/\/www.w3.org\/2001\/XMLSchema#integer"
            }
        ],
        "http:\/\/purl.org\/dc\/elements\/1.1\/modified": [
            {
                "type": "literal",
                "value": "2026-05-14",
                "datatype": "http:\/\/www.w3.org\/2001\/XMLSchema#date"
            }
        ],
        "http:\/\/purl.org\/dc\/elements\/1.1\/created": [
            {
                "type": "literal",
                "value": "2026-05-14",
                "datatype": "http:\/\/www.w3.org\/2001\/XMLSchema#date"
            }
        ],
        "http:\/\/rdfs.org\/sioc\/ns#link": [
            {
                "type": "uri",
                "value": "https:\/\/umayyayinevi.com\/en\/education-et-sociologie-emile-durkheim\/"
            }
        ],
        "http:\/\/rdfs.org\/sioc\/ns#has_creator": [
            {
                "type": "uri",
                "value": "https:\/\/umayyayinevi.com\/en\/author\/halkbilimci\/#account"
            }
        ],
        "http:\/\/rdfs.org\/sioc\/ns#has_container": [
            {
                "type": "uri",
                "value": "https:\/\/umayyayinevi.com\/en\/#posts"
            }
        ],
        "http:\/\/purl.org\/dc\/elements\/1.1\/abstract": [
            {
                "type": "literal",
                "value": ""
            }
        ],
        "http:\/\/purl.org\/rss\/1.0\/modules\/content\/encoded": [
            {
                "type": "literal",
                "value": "<![CDATA[<!-- wp:columns -->\n<div class=\"wp-block-columns\"><!-- wp:column {\"width\":\"33.33%\"} -->\n<div class=\"wp-block-column\" style=\"flex-basis:33.33%\"><!-- wp:image {\"id\":1875,\"sizeSlug\":\"large\",\"linkDestination\":\"none\"} -->\n<figure class=\"wp-block-image size-large\"><img src=\"https:\/\/umayyayinevi.com\/wp-content\/uploads\/2026\/05\/A5-UMAY-16.6-x-23.6-cm-15-x-21-cm-1-9-732x1024.jpg\" alt=\"\" class=\"wp-image-1875\"\/><\/figure>\n<!-- \/wp:image --><\/div>\n<!-- \/wp:column -->\n\n<!-- wp:column {\"width\":\"66.66%\",\"className\":\"is-style-stripes\",\"backgroundColor\":\"background\"} -->\n<div class=\"wp-block-column is-style-stripes has-background-background-color has-background\" style=\"flex-basis:66.66%\"><!-- wp:table -->\n<figure class=\"wp-block-table\"><table class=\"has-fixed-layout\"><tbody><tr><td><strong>Kitap Ad\u0131<\/strong> <strong>\/ Yazar<\/strong><\/td><td>\u00c9ducation et Sociologie - \u00c9mile Durkheim<\/td><\/tr><tr><td><strong>Yay\u0131n Y\u0131l\u0131<\/strong><\/td><td>2026 \/ Umay Yay\u0131nevi<\/td><\/tr><tr><td><strong>Sayfa Say\u0131s\u0131<\/strong><\/td><td>i+100<\/td><\/tr><tr><td><strong>Bask\u0131 Say\u0131s\u0131<\/strong> <strong>\/ Yer<\/strong><\/td><td>1. Bask\u0131 \/ Samsun<\/td><\/tr><tr><td><strong>ISBN<\/strong><\/td><td>978-625-93257-9-8<\/td><\/tr><tr><td><strong>DOI<\/strong><\/td><td>https:\/\/doi.org\/10.5281\/zenodo.20187629<\/td><\/tr><tr><td><strong>Dil<\/strong><\/td><td>Frans\u0131zca<\/td><\/tr><tr><td><strong>Seri\/Numara<\/strong><\/td><td>39<\/td><\/tr><tr><td><strong>Ana Konular<\/strong><\/td><td>1. \u00a0\u00c9ducation, 2. Sociologie, 3. Solidarit\u00e9 sociale,<br>4. Conscience collective, 5. Institution scolaire<\/td><\/tr><\/tbody><\/table><\/figure>\n<!-- \/wp:table --><\/div>\n<!-- \/wp:column --><\/div>\n<!-- \/wp:columns -->\n\n<!-- wp:paragraph -->\n<p><strong>\u00d6z:<\/strong><br>\u00c9mile Durkheim taraf\u0131ndan kaleme al\u0131nan <em>\u00c9ducation et Sociologie<\/em>, e\u011fitimin toplumun devaml\u0131l\u0131\u011f\u0131 ve d\u00fczeni a\u00e7\u0131s\u0131ndan ta\u015f\u0131d\u0131\u011f\u0131 \u00f6nemi ele alan temel bir sosyoloji eseridir. Durkheim\u2019a g\u00f6re e\u011fitim, bireyin yaln\u0131zca bilgi edinmesini de\u011fil, ayn\u0131 zamanda toplumsal de\u011ferleri, ahlak\u0131 ve kolektif bilinci benimsemesini sa\u011flar. Kitapta e\u011fitimin toplumsal dayan\u0131\u015fmay\u0131 g\u00fc\u00e7lendiren bir kurum oldu\u011fu vurgulan\u0131r. Aile, okul ve devletin e\u011fitim \u00fczerindeki etkileri ayr\u0131nt\u0131l\u0131 bi\u00e7imde incelenir. Durkheim, modern toplumlarda e\u011fitimin birey ile toplum aras\u0131nda uyum kurdu\u011funu savunur. Eser, e\u011fitim sosyolojisinin kurucu metinlerinden biri kabul edilir ve \u00e7a\u011fda\u015f e\u011fitim teorilerini \u00f6nemli \u00f6l\u00e7\u00fcde etkilemi\u015ftir.<br><strong>R\u00e9sum\u00e9: <\/strong><br>\u00c9mile Durkheim analyse dans <em>\u00c9ducation et Sociologie<\/em> le r\u00f4le fondamental de l\u2019\u00e9ducation dans la formation de la soci\u00e9t\u00e9 moderne. Selon lui, l\u2019\u00e9ducation ne consiste pas seulement \u00e0 transmettre des connaissances, mais aussi \u00e0 inculquer des valeurs morales et sociales communes. L\u2019\u00e9cole pr\u00e9pare les individus \u00e0 vivre en collectivit\u00e9 et \u00e0 respecter les r\u00e8gles sociales. Durkheim insiste sur le fait que chaque soci\u00e9t\u00e9 d\u00e9veloppe un syst\u00e8me \u00e9ducatif adapt\u00e9 \u00e0 ses besoins historiques et culturels. L\u2019ouvrage montre \u00e9galement comment l\u2019\u00e9ducation contribue \u00e0 la coh\u00e9sion sociale et \u00e0 la solidarit\u00e9. Ce livre demeure une r\u00e9f\u00e9rence majeure en sociologie de l\u2019\u00e9ducation et en sciences sociales contemporaines.<\/p>\n<!-- \/wp:paragraph -->\n\n<!-- wp:file {\"id\":1874,\"href\":\"https:\/\/umayyayinevi.com\/wp-content\/uploads\/2026\/05\/Durkheim.pdf\",\"displayPreview\":true} -->\n<div class=\"wp-block-file\"><object class=\"wp-block-file__embed\" data=\"https:\/\/umayyayinevi.com\/wp-content\/uploads\/2026\/05\/Durkheim.pdf\" type=\"application\/pdf\" style=\"width:100%;height:600px\" aria-label=\"Durkheim\"><\/object><a id=\"wp-block-file--media-6ab91b55-222f-4270-83e9-463ccf978fd8\" href=\"https:\/\/umayyayinevi.com\/wp-content\/uploads\/2026\/05\/Durkheim.pdf\">Durkheim<\/a><a href=\"https:\/\/umayyayinevi.com\/wp-content\/uploads\/2026\/05\/Durkheim.pdf\" class=\"wp-block-file__button wp-element-button\" download aria-describedby=\"wp-block-file--media-6ab91b55-222f-4270-83e9-463ccf978fd8\">\u0130ndir<\/a><\/div>\n<!-- \/wp:file -->]]>",
                "datatype": "http:\/\/www.w3.org\/1999\/02\/22-rdf-syntax-ns#XMLLiteral"
            }
        ],
        "http:\/\/rdfs.org\/sioc\/ns#content": [
            {
                "type": "literal",
                "value": "\n\n\n\n\n\n\n\n\nKitap Ad\u0131 \/ Yazar\u00c9ducation et Sociologie - \u00c9mile DurkheimYay\u0131n Y\u0131l\u01312026 \/ Umay Yay\u0131neviSayfa Say\u0131s\u0131i+100Bask\u0131 Say\u0131s\u0131 \/ Yer1. Bask\u0131 \/ SamsunISBN978-625-93257-9-8DOIhttps:\/\/doi.org\/10.5281\/zenodo.20187629DilFrans\u0131zcaSeri\/Numara39Ana Konular1. \u00a0\u00c9ducation, 2. Sociologie, 3. Solidarit\u00e9 sociale,4. Conscience collective, 5. Institution scolaire\n\n\n\n\n\n\u00d6z:\u00c9mile Durkheim taraf\u0131ndan kaleme al\u0131nan \u00c9ducation et Sociologie, e\u011fitimin toplumun devaml\u0131l\u0131\u011f\u0131 ve d\u00fczeni a\u00e7\u0131s\u0131ndan ta\u015f\u0131d\u0131\u011f\u0131 \u00f6nemi ele alan temel bir sosyoloji eseridir. Durkheim\u2019a g\u00f6re e\u011fitim, bireyin yaln\u0131zca bilgi edinmesini de\u011fil, ayn\u0131 zamanda toplumsal de\u011ferleri, ahlak\u0131 ve kolektif bilinci benimsemesini sa\u011flar. Kitapta e\u011fitimin toplumsal dayan\u0131\u015fmay\u0131 g\u00fc\u00e7lendiren bir kurum oldu\u011fu vurgulan\u0131r. Aile, okul ve devletin e\u011fitim \u00fczerindeki etkileri ayr\u0131nt\u0131l\u0131 bi\u00e7imde incelenir. Durkheim, modern toplumlarda e\u011fitimin birey ile toplum aras\u0131nda uyum kurdu\u011funu savunur. Eser, e\u011fitim sosyolojisinin kurucu metinlerinden biri kabul edilir ve \u00e7a\u011fda\u015f e\u011fitim teorilerini \u00f6nemli \u00f6l\u00e7\u00fcde etkilemi\u015ftir.R\u00e9sum\u00e9: \u00c9mile Durkheim analyse dans \u00c9ducation et Sociologie le r\u00f4le fondamental de l\u2019\u00e9ducation dans la formation de la soci\u00e9t\u00e9 moderne. Selon lui, l\u2019\u00e9ducation ne consiste pas seulement \u00e0 transmettre des connaissances, mais aussi \u00e0 inculquer des valeurs morales et sociales communes. L\u2019\u00e9cole pr\u00e9pare les individus \u00e0 vivre en collectivit\u00e9 et \u00e0 respecter les r\u00e8gles sociales. Durkheim insiste sur le fait que chaque soci\u00e9t\u00e9 d\u00e9veloppe un syst\u00e8me \u00e9ducatif adapt\u00e9 \u00e0 ses besoins historiques et culturels. L\u2019ouvrage montre \u00e9galement comment l\u2019\u00e9ducation contribue \u00e0 la coh\u00e9sion sociale et \u00e0 la solidarit\u00e9. Ce livre demeure une r\u00e9f\u00e9rence majeure en sociologie de l\u2019\u00e9ducation et en sciences sociales contemporaines.\n\n\n\nDurkheim\u0130ndir\n"
            }
        ],
        "http:\/\/rdfs.org\/sioc\/ns#topic": [
            {
                "type": "uri",
                "value": "https:\/\/umayyayinevi.com\/en\/category\/genel-ru\/"
            },
            {
                "type": "uri",
                "value": "https:\/\/umayyayinevi.com\/en\/tag\/culture\/"
            },
            {
                "type": "uri",
                "value": "https:\/\/umayyayinevi.com\/en\/tag\/education\/"
            },
            {
                "type": "uri",
                "value": "https:\/\/umayyayinevi.com\/en\/tag\/sosyoloji\/"
            },
            {
                "type": "uri",
                "value": "https:\/\/umayyayinevi.com\/en\/tag\/uluslararasi-yayinevi\/"
            },
            {
                "type": "uri",
                "value": "https:\/\/umayyayinevi.com\/en\/tag\/umay-yayinevi\/"
            }
        ],
        "http:\/\/rdfs.org\/sioc\/ns#attachment": [
            {
                "type": "uri",
                "value": "https:\/\/umayyayinevi.com\/wp-content\/uploads\/2026\/05\/A5-UMAY-16.6-x-23.6-cm-15-x-21-cm-1-9.jpg"
            },
            {
                "type": "uri",
                "value": "https:\/\/umayyayinevi.com\/wp-content\/uploads\/2026\/05\/Durkheim.pdf"
            }
        ]
    },
    "https:\/\/umayyayinevi.com\/en\/author\/halkbilimci\/#account": {
        "http:\/\/www.w3.org\/2000\/01\/rdf-schema#seeAlso": [
            {
                "type": "uri",
                "value": "https:\/\/umayyayinevi.com\/en\/author\/halkbilimci\/?feed=lhrdf&format=json"
            }
        ]
    },
    "https:\/\/umayyayinevi.com\/en\/category\/genel-ru\/": {
        "http:\/\/www.w3.org\/2000\/01\/rdf-schema#seeAlso": [
            {
                "type": "uri",
                "value": "https:\/\/umayyayinevi.com\/en\/category\/genel-ru\/?feed=lhrdf&format=json"
            }
        ]
    },
    "https:\/\/umayyayinevi.com\/en\/tag\/culture\/": {
        "http:\/\/www.w3.org\/2000\/01\/rdf-schema#seeAlso": [
            {
                "type": "uri",
                "value": "https:\/\/umayyayinevi.com\/en\/tag\/culture\/?feed=lhrdf&format=json"
            }
        ]
    },
    "https:\/\/umayyayinevi.com\/en\/tag\/education\/": {
        "http:\/\/www.w3.org\/2000\/01\/rdf-schema#seeAlso": [
            {
                "type": "uri",
                "value": "https:\/\/umayyayinevi.com\/en\/tag\/education\/?feed=lhrdf&format=json"
            }
        ]
    },
    "https:\/\/umayyayinevi.com\/en\/tag\/sosyoloji\/": {
        "http:\/\/www.w3.org\/2000\/01\/rdf-schema#seeAlso": [
            {
                "type": "uri",
                "value": "https:\/\/umayyayinevi.com\/en\/tag\/sosyoloji\/?feed=lhrdf&format=json"
            }
        ]
    },
    "https:\/\/umayyayinevi.com\/en\/tag\/uluslararasi-yayinevi\/": {
        "http:\/\/www.w3.org\/2000\/01\/rdf-schema#seeAlso": [
            {
                "type": "uri",
                "value": "https:\/\/umayyayinevi.com\/en\/tag\/uluslararasi-yayinevi\/?feed=lhrdf&format=json"
            }
        ]
    },
    "https:\/\/umayyayinevi.com\/en\/tag\/umay-yayinevi\/": {
        "http:\/\/www.w3.org\/2000\/01\/rdf-schema#seeAlso": [
            {
                "type": "uri",
                "value": "https:\/\/umayyayinevi.com\/en\/tag\/umay-yayinevi\/?feed=lhrdf&format=json"
            }
        ]
    },
    "https:\/\/umayyayinevi.com\/wp-content\/uploads\/2026\/05\/A5-UMAY-16.6-x-23.6-cm-15-x-21-cm-1-9.jpg": {
        "http:\/\/www.w3.org\/2000\/01\/rdf-schema#seeAlso": [
            {
                "type": "uri",
                "value": "https:\/\/umayyayinevi.com\/en\/education-et-sociologie-emile-durkheim\/a5-umay-16-6-x-23-6-cm-15-x-21-cm-1-10\/?feed=lhrdf&format=json"
            }
        ]
    },
    "https:\/\/umayyayinevi.com\/wp-content\/uploads\/2026\/05\/Durkheim.pdf": {
        "http:\/\/www.w3.org\/2000\/01\/rdf-schema#seeAlso": [
            {
                "type": "uri",
                "value": "https:\/\/umayyayinevi.com\/en\/education-et-sociologie-emile-durkheim\/durkheim\/?feed=lhrdf&format=json"
            }
        ]
    }
}